{"id":1264,"date":"2010-04-07T13:51:41","date_gmt":"2010-04-07T13:51:41","guid":{"rendered":"http:\/\/www.interamericanstudies.net\/?p=1264"},"modified":"2010-05-17T18:30:13","modified_gmt":"2010-05-17T18:30:13","slug":"buschges-christian-and-johanna-pfaff-czarnecka-eds-die-ethnisierung-des-politischen-identitatspolitiken-in-lateinamerika-asien-und-den-usa-2007","status":"publish","type":"post","link":"http:\/\/www.interamericanstudies.net\/?p=1264","title":{"rendered":"B\u00fcschges, Christian and Johanna Pfaff-Czarnecka, eds. Die Ethnisierung des Politischen: Identit\u00e4tspolitiken in Lateinamerika, Asien und den USA. 2007"},"content":{"rendered":"<p><img loading=\"lazy\" decoding=\"async\" class=\"alignleft size-full wp-image-1441\" title=\"EthnisierungPolitische_klein\" src=\"http:\/\/www.interamericanstudies.net\/wp-content\/uploads\/2010\/04\/EthnisierungPolitische_klein.jpg\" alt=\"\" width=\"1\" height=\"1\" \/><a rel=\"attachment wp-att-1443\" href=\"http:\/\/www.interamericanstudies.net\/?attachment_id=1443\"><img loading=\"lazy\" decoding=\"async\" class=\"alignleft size-medium wp-image-1443\" title=\"EthnisierungPolitische\" src=\"http:\/\/www.interamericanstudies.net\/wp-content\/uploads\/2010\/04\/EthnisierungPolitische-196x300.jpg\" alt=\"\" width=\"196\" height=\"300\" srcset=\"http:\/\/www.interamericanstudies.net\/wp-content\/uploads\/2010\/04\/EthnisierungPolitische-196x300.jpg 196w, http:\/\/www.interamericanstudies.net\/wp-content\/uploads\/2010\/04\/EthnisierungPolitische.jpg 328w\" sizes=\"auto, (max-width: 196px) 100vw, 196px\" \/><\/a>Ob die Delawaren in den USA, Indios in Mexiko oder die Kiranti-Bewegung in Nepal \u2013 seit knapp 20 Jahren fordern ethnische Bewegungen die Nationalstaaten in der au\u00dfereurop\u00e4ischen Welt heraus. Sie verlangen die Anerkennung und politische Repr\u00e4sentation ethnischer Minderheiten und fordern, sie in die Definition der Nation einzuschlie\u00dfen. Die Autorinnen und Autoren des Bandes zeigen, dass diese \u00bbEthnisierung des Politischen\u00ab bis ins fr\u00fche 19. Jahrhundert zur\u00fcckreicht und die Identit\u00e4t einiger Nationalstaaten Amerikas und Asiens nachhaltig infrage stellt. \u00a9 1998-2001 Amazon.com, Inc. und Tochtergesellschaften<\/p>\n<p><a href=\"http:\/\/www.amazon.com\/gp\/product\/3593383276?ie=UTF8&amp;tag=interassocofi-20&amp;linkCode=as2&amp;camp=1789&amp;creative=390957&amp;creativeASIN=3593383276\" target=\"_blank\"><strong>Buy at Amazon.com<\/strong><\/a><\/p>\n<p><a href=\"http:\/\/www.amazon.de\/gp\/product\/3593383276?ie=UTF8&amp;tag=interassocofi-21&amp;linkCode=as2&amp;camp=1638&amp;creative=19454&amp;creativeASIN=3593383276\" target=\"_blank\"><strong>Buy at Amazon.de<\/strong><\/a><\/p>\n<p>B\u00fcschges, Christian and Johanna Pfaff-Czarnecka, eds. <em>Die Ethnisierung des Politischen: Identit\u00e4tspolitiken in Lateinamerika, Asien und den USA<\/em>. Campus, 2007.<\/p>\n","protected":false},"excerpt":{"rendered":"<p>Ob die Delawaren in den USA, Indios in Mexiko oder die Kiranti-Bewegung in Nepal \u2013 seit knapp 20 Jahren fordern ethnische Bewegungen die Nationalstaaten in der au\u00dfereurop\u00e4ischen Welt heraus. Sie &#8230;<\/p>\n","protected":false},"author":2,"featured_media":0,"comment_status":"closed","ping_status":"closed","sticky":false,"template":"","format":"standard","meta":{"footnotes":""},"categories":[6],"tags":[],"class_list":["post-1264","post","type-post","status-publish","format-standard","hentry","category-book-publications"],"yoast_head":"<!-- This site is optimized with the Yoast SEO plugin v26.8 - https:\/\/yoast.com\/product\/yoast-seo-wordpress\/ -->\n<title>B\u00fcschges, Christian and Johanna Pfaff-Czarnecka, eds. Die Ethnisierung des Politischen: Identit\u00e4tspolitiken in Lateinamerika, Asien und den USA. 2007 - Inter-American Studies<\/title>\n<meta name=\"robots\" content=\"index, follow, max-snippet:-1, max-image-preview:large, max-video-preview:-1\" \/>\n<link rel=\"canonical\" href=\"http:\/\/www.interamericanstudies.net\/?p=1264\" \/>\n<meta property=\"og:locale\" content=\"en_US\" \/>\n<meta property=\"og:type\" content=\"article\" \/>\n<meta property=\"og:title\" content=\"B\u00fcschges, Christian and Johanna Pfaff-Czarnecka, eds. Die Ethnisierung des Politischen: Identit\u00e4tspolitiken in Lateinamerika, Asien und den USA. 2007 - Inter-American Studies\" \/>\n<meta property=\"og:description\" content=\"Ob die Delawaren in den USA, Indios in Mexiko oder die Kiranti-Bewegung in Nepal \u2013 seit knapp 20 Jahren fordern ethnische Bewegungen die Nationalstaaten in der au\u00dfereurop\u00e4ischen Welt heraus. Sie ...\" \/>\n<meta property=\"og:url\" content=\"http:\/\/www.interamericanstudies.net\/?p=1264\" \/>\n<meta property=\"og:site_name\" content=\"Inter-American Studies\" \/>\n<meta property=\"article:publisher\" content=\"https:\/\/www.facebook.com\/interamericanstudies2009\" \/>\n<meta property=\"article:published_time\" content=\"2010-04-07T13:51:41+00:00\" \/>\n<meta property=\"article:modified_time\" content=\"2010-05-17T18:30:13+00:00\" \/>\n<meta property=\"og:image\" content=\"http:\/\/www.interamericanstudies.net\/wp-content\/uploads\/2010\/04\/EthnisierungPolitische_klein.jpg\" \/>\n<meta name=\"author\" content=\"Angie Isaak\" \/>\n<meta name=\"twitter:card\" content=\"summary_large_image\" \/>\n<meta name=\"twitter:label1\" content=\"Written by\" \/>\n\t<meta name=\"twitter:data1\" content=\"Angie Isaak\" \/>\n\t<meta name=\"twitter:label2\" content=\"Est. reading time\" \/>\n\t<meta name=\"twitter:data2\" content=\"1 minute\" \/>\n<script type=\"application\/ld+json\" class=\"yoast-schema-graph\">{\"@context\":\"https:\/\/schema.org\",\"@graph\":[{\"@type\":\"Article\",\"@id\":\"http:\/\/www.interamericanstudies.net\/?p=1264#article\",\"isPartOf\":{\"@id\":\"http:\/\/www.interamericanstudies.net\/?p=1264\"},\"author\":{\"name\":\"Angie Isaak\",\"@id\":\"https:\/\/www.interamericanstudies.net\/#\/schema\/person\/923107c79decb3213d47242b493e649f\"},\"headline\":\"B\u00fcschges, Christian and Johanna Pfaff-Czarnecka, eds. Die Ethnisierung des Politischen: Identit\u00e4tspolitiken in Lateinamerika, Asien und den USA. 2007\",\"datePublished\":\"2010-04-07T13:51:41+00:00\",\"dateModified\":\"2010-05-17T18:30:13+00:00\",\"mainEntityOfPage\":{\"@id\":\"http:\/\/www.interamericanstudies.net\/?p=1264\"},\"wordCount\":133,\"publisher\":{\"@id\":\"https:\/\/www.interamericanstudies.net\/#organization\"},\"image\":{\"@id\":\"http:\/\/www.interamericanstudies.net\/?p=1264#primaryimage\"},\"thumbnailUrl\":\"http:\/\/www.interamericanstudies.net\/wp-content\/uploads\/2010\/04\/EthnisierungPolitische_klein.jpg\",\"articleSection\":[\"Recent IAS Books\"],\"inLanguage\":\"en-US\"},{\"@type\":\"WebPage\",\"@id\":\"http:\/\/www.interamericanstudies.net\/?p=1264\",\"url\":\"http:\/\/www.interamericanstudies.net\/?p=1264\",\"name\":\"B\u00fcschges, Christian and Johanna Pfaff-Czarnecka, eds. Die Ethnisierung des Politischen: Identit\u00e4tspolitiken in Lateinamerika, Asien und den USA. 2007 - Inter-American Studies\",\"isPartOf\":{\"@id\":\"https:\/\/www.interamericanstudies.net\/#website\"},\"primaryImageOfPage\":{\"@id\":\"http:\/\/www.interamericanstudies.net\/?p=1264#primaryimage\"},\"image\":{\"@id\":\"http:\/\/www.interamericanstudies.net\/?p=1264#primaryimage\"},\"thumbnailUrl\":\"http:\/\/www.interamericanstudies.net\/wp-content\/uploads\/2010\/04\/EthnisierungPolitische_klein.jpg\",\"datePublished\":\"2010-04-07T13:51:41+00:00\",\"dateModified\":\"2010-05-17T18:30:13+00:00\",\"breadcrumb\":{\"@id\":\"http:\/\/www.interamericanstudies.net\/?p=1264#breadcrumb\"},\"inLanguage\":\"en-US\",\"potentialAction\":[{\"@type\":\"ReadAction\",\"target\":[\"http:\/\/www.interamericanstudies.net\/?p=1264\"]}]},{\"@type\":\"ImageObject\",\"inLanguage\":\"en-US\",\"@id\":\"http:\/\/www.interamericanstudies.net\/?p=1264#primaryimage\",\"url\":\"http:\/\/www.interamericanstudies.net\/wp-content\/uploads\/2010\/04\/EthnisierungPolitische_klein.jpg\",\"contentUrl\":\"http:\/\/www.interamericanstudies.net\/wp-content\/uploads\/2010\/04\/EthnisierungPolitische_klein.jpg\",\"width\":\"50\",\"height\":\"77\"},{\"@type\":\"BreadcrumbList\",\"@id\":\"http:\/\/www.interamericanstudies.net\/?p=1264#breadcrumb\",\"itemListElement\":[{\"@type\":\"ListItem\",\"position\":1,\"name\":\"Home\",\"item\":\"https:\/\/www.interamericanstudies.net\/\"},{\"@type\":\"ListItem\",\"position\":2,\"name\":\"B\u00fcschges, Christian and Johanna Pfaff-Czarnecka, eds. Die Ethnisierung des Politischen: Identit\u00e4tspolitiken in Lateinamerika, Asien und den USA. 2007\"}]},{\"@type\":\"WebSite\",\"@id\":\"https:\/\/www.interamericanstudies.net\/#website\",\"url\":\"https:\/\/www.interamericanstudies.net\/\",\"name\":\"Inter-American Studies\",\"description\":\"International Association of Inter-American Studies\",\"publisher\":{\"@id\":\"https:\/\/www.interamericanstudies.net\/#organization\"},\"potentialAction\":[{\"@type\":\"SearchAction\",\"target\":{\"@type\":\"EntryPoint\",\"urlTemplate\":\"https:\/\/www.interamericanstudies.net\/?s={search_term_string}\"},\"query-input\":{\"@type\":\"PropertyValueSpecification\",\"valueRequired\":true,\"valueName\":\"search_term_string\"}}],\"inLanguage\":\"en-US\"},{\"@type\":\"Organization\",\"@id\":\"https:\/\/www.interamericanstudies.net\/#organization\",\"name\":\"Inter-American Studies\",\"url\":\"https:\/\/www.interamericanstudies.net\/\",\"logo\":{\"@type\":\"ImageObject\",\"inLanguage\":\"en-US\",\"@id\":\"https:\/\/www.interamericanstudies.net\/#\/schema\/logo\/image\/\",\"url\":\"http:\/\/www.interamericanstudies.net\/wp-content\/uploads\/2024\/09\/ias_logo_ohne_kleiner.png\",\"contentUrl\":\"http:\/\/www.interamericanstudies.net\/wp-content\/uploads\/2024\/09\/ias_logo_ohne_kleiner.png\",\"width\":850,\"height\":155,\"caption\":\"Inter-American Studies\"},\"image\":{\"@id\":\"https:\/\/www.interamericanstudies.net\/#\/schema\/logo\/image\/\"},\"sameAs\":[\"https:\/\/www.facebook.com\/interamericanstudies2009\"]},{\"@type\":\"Person\",\"@id\":\"https:\/\/www.interamericanstudies.net\/#\/schema\/person\/923107c79decb3213d47242b493e649f\",\"name\":\"Angie Isaak\",\"image\":{\"@type\":\"ImageObject\",\"inLanguage\":\"en-US\",\"@id\":\"https:\/\/www.interamericanstudies.net\/#\/schema\/person\/image\/\",\"url\":\"https:\/\/secure.gravatar.com\/avatar\/04c86219f1754a2eb9742616e93d3f73?s=96&d=mm&r=g\",\"contentUrl\":\"https:\/\/secure.gravatar.com\/avatar\/04c86219f1754a2eb9742616e93d3f73?s=96&d=mm&r=g\",\"caption\":\"Angie Isaak\"},\"sameAs\":[\"http:\/\/www.interamericanstudies.net\"],\"url\":\"http:\/\/www.interamericanstudies.net\/?author=2\"}]}<\/script>\n<!-- \/ Yoast SEO plugin. -->","yoast_head_json":{"title":"B\u00fcschges, Christian and Johanna Pfaff-Czarnecka, eds. Die Ethnisierung des Politischen: Identit\u00e4tspolitiken in Lateinamerika, Asien und den USA. 2007 - Inter-American Studies","robots":{"index":"index","follow":"follow","max-snippet":"max-snippet:-1","max-image-preview":"max-image-preview:large","max-video-preview":"max-video-preview:-1"},"canonical":"http:\/\/www.interamericanstudies.net\/?p=1264","og_locale":"en_US","og_type":"article","og_title":"B\u00fcschges, Christian and Johanna Pfaff-Czarnecka, eds. Die Ethnisierung des Politischen: Identit\u00e4tspolitiken in Lateinamerika, Asien und den USA. 2007 - Inter-American Studies","og_description":"Ob die Delawaren in den USA, Indios in Mexiko oder die Kiranti-Bewegung in Nepal \u2013 seit knapp 20 Jahren fordern ethnische Bewegungen die Nationalstaaten in der au\u00dfereurop\u00e4ischen Welt heraus. Sie ...","og_url":"http:\/\/www.interamericanstudies.net\/?p=1264","og_site_name":"Inter-American Studies","article_publisher":"https:\/\/www.facebook.com\/interamericanstudies2009","article_published_time":"2010-04-07T13:51:41+00:00","article_modified_time":"2010-05-17T18:30:13+00:00","og_image":[{"url":"http:\/\/www.interamericanstudies.net\/wp-content\/uploads\/2010\/04\/EthnisierungPolitische_klein.jpg","type":"","width":"","height":""}],"author":"Angie Isaak","twitter_card":"summary_large_image","twitter_misc":{"Written by":"Angie Isaak","Est. reading time":"1 minute"},"schema":{"@context":"https:\/\/schema.org","@graph":[{"@type":"Article","@id":"http:\/\/www.interamericanstudies.net\/?p=1264#article","isPartOf":{"@id":"http:\/\/www.interamericanstudies.net\/?p=1264"},"author":{"name":"Angie Isaak","@id":"https:\/\/www.interamericanstudies.net\/#\/schema\/person\/923107c79decb3213d47242b493e649f"},"headline":"B\u00fcschges, Christian and Johanna Pfaff-Czarnecka, eds. Die Ethnisierung des Politischen: Identit\u00e4tspolitiken in Lateinamerika, Asien und den USA. 2007","datePublished":"2010-04-07T13:51:41+00:00","dateModified":"2010-05-17T18:30:13+00:00","mainEntityOfPage":{"@id":"http:\/\/www.interamericanstudies.net\/?p=1264"},"wordCount":133,"publisher":{"@id":"https:\/\/www.interamericanstudies.net\/#organization"},"image":{"@id":"http:\/\/www.interamericanstudies.net\/?p=1264#primaryimage"},"thumbnailUrl":"http:\/\/www.interamericanstudies.net\/wp-content\/uploads\/2010\/04\/EthnisierungPolitische_klein.jpg","articleSection":["Recent IAS Books"],"inLanguage":"en-US"},{"@type":"WebPage","@id":"http:\/\/www.interamericanstudies.net\/?p=1264","url":"http:\/\/www.interamericanstudies.net\/?p=1264","name":"B\u00fcschges, Christian and Johanna Pfaff-Czarnecka, eds. Die Ethnisierung des Politischen: Identit\u00e4tspolitiken in Lateinamerika, Asien und den USA. 2007 - Inter-American Studies","isPartOf":{"@id":"https:\/\/www.interamericanstudies.net\/#website"},"primaryImageOfPage":{"@id":"http:\/\/www.interamericanstudies.net\/?p=1264#primaryimage"},"image":{"@id":"http:\/\/www.interamericanstudies.net\/?p=1264#primaryimage"},"thumbnailUrl":"http:\/\/www.interamericanstudies.net\/wp-content\/uploads\/2010\/04\/EthnisierungPolitische_klein.jpg","datePublished":"2010-04-07T13:51:41+00:00","dateModified":"2010-05-17T18:30:13+00:00","breadcrumb":{"@id":"http:\/\/www.interamericanstudies.net\/?p=1264#breadcrumb"},"inLanguage":"en-US","potentialAction":[{"@type":"ReadAction","target":["http:\/\/www.interamericanstudies.net\/?p=1264"]}]},{"@type":"ImageObject","inLanguage":"en-US","@id":"http:\/\/www.interamericanstudies.net\/?p=1264#primaryimage","url":"http:\/\/www.interamericanstudies.net\/wp-content\/uploads\/2010\/04\/EthnisierungPolitische_klein.jpg","contentUrl":"http:\/\/www.interamericanstudies.net\/wp-content\/uploads\/2010\/04\/EthnisierungPolitische_klein.jpg","width":"50","height":"77"},{"@type":"BreadcrumbList","@id":"http:\/\/www.interamericanstudies.net\/?p=1264#breadcrumb","itemListElement":[{"@type":"ListItem","position":1,"name":"Home","item":"https:\/\/www.interamericanstudies.net\/"},{"@type":"ListItem","position":2,"name":"B\u00fcschges, Christian and Johanna Pfaff-Czarnecka, eds. Die Ethnisierung des Politischen: Identit\u00e4tspolitiken in Lateinamerika, Asien und den USA. 2007"}]},{"@type":"WebSite","@id":"https:\/\/www.interamericanstudies.net\/#website","url":"https:\/\/www.interamericanstudies.net\/","name":"Inter-American Studies","description":"International Association of Inter-American Studies","publisher":{"@id":"https:\/\/www.interamericanstudies.net\/#organization"},"potentialAction":[{"@type":"SearchAction","target":{"@type":"EntryPoint","urlTemplate":"https:\/\/www.interamericanstudies.net\/?s={search_term_string}"},"query-input":{"@type":"PropertyValueSpecification","valueRequired":true,"valueName":"search_term_string"}}],"inLanguage":"en-US"},{"@type":"Organization","@id":"https:\/\/www.interamericanstudies.net\/#organization","name":"Inter-American Studies","url":"https:\/\/www.interamericanstudies.net\/","logo":{"@type":"ImageObject","inLanguage":"en-US","@id":"https:\/\/www.interamericanstudies.net\/#\/schema\/logo\/image\/","url":"http:\/\/www.interamericanstudies.net\/wp-content\/uploads\/2024\/09\/ias_logo_ohne_kleiner.png","contentUrl":"http:\/\/www.interamericanstudies.net\/wp-content\/uploads\/2024\/09\/ias_logo_ohne_kleiner.png","width":850,"height":155,"caption":"Inter-American Studies"},"image":{"@id":"https:\/\/www.interamericanstudies.net\/#\/schema\/logo\/image\/"},"sameAs":["https:\/\/www.facebook.com\/interamericanstudies2009"]},{"@type":"Person","@id":"https:\/\/www.interamericanstudies.net\/#\/schema\/person\/923107c79decb3213d47242b493e649f","name":"Angie Isaak","image":{"@type":"ImageObject","inLanguage":"en-US","@id":"https:\/\/www.interamericanstudies.net\/#\/schema\/person\/image\/","url":"https:\/\/secure.gravatar.com\/avatar\/04c86219f1754a2eb9742616e93d3f73?s=96&d=mm&r=g","contentUrl":"https:\/\/secure.gravatar.com\/avatar\/04c86219f1754a2eb9742616e93d3f73?s=96&d=mm&r=g","caption":"Angie Isaak"},"sameAs":["http:\/\/www.interamericanstudies.net"],"url":"http:\/\/www.interamericanstudies.net\/?author=2"}]}},"_links":{"self":[{"href":"http:\/\/www.interamericanstudies.net\/index.php?rest_route=\/wp\/v2\/posts\/1264","targetHints":{"allow":["GET"]}}],"collection":[{"href":"http:\/\/www.interamericanstudies.net\/index.php?rest_route=\/wp\/v2\/posts"}],"about":[{"href":"http:\/\/www.interamericanstudies.net\/index.php?rest_route=\/wp\/v2\/types\/post"}],"author":[{"embeddable":true,"href":"http:\/\/www.interamericanstudies.net\/index.php?rest_route=\/wp\/v2\/users\/2"}],"replies":[{"embeddable":true,"href":"http:\/\/www.interamericanstudies.net\/index.php?rest_route=%2Fwp%2Fv2%2Fcomments&post=1264"}],"version-history":[{"count":0,"href":"http:\/\/www.interamericanstudies.net\/index.php?rest_route=\/wp\/v2\/posts\/1264\/revisions"}],"wp:attachment":[{"href":"http:\/\/www.interamericanstudies.net\/index.php?rest_route=%2Fwp%2Fv2%2Fmedia&parent=1264"}],"wp:term":[{"taxonomy":"category","embeddable":true,"href":"http:\/\/www.interamericanstudies.net\/index.php?rest_route=%2Fwp%2Fv2%2Fcategories&post=1264"},{"taxonomy":"post_tag","embeddable":true,"href":"http:\/\/www.interamericanstudies.net\/index.php?rest_route=%2Fwp%2Fv2%2Ftags&post=1264"}],"curies":[{"name":"wp","href":"https:\/\/api.w.org\/{rel}","templated":true}]}}