{"id":2624,"date":"2012-03-23T13:03:15","date_gmt":"2012-03-23T13:03:15","guid":{"rendered":"http:\/\/www.interamericanstudies.net\/?p=2624"},"modified":"2013-08-26T16:03:58","modified_gmt":"2013-08-26T16:03:58","slug":"screening-the-americas-proyectando-las-amercias-narration-of-nation-in-documentary-film-narracion-de-la-nacion-en-el-cine-documental","status":"publish","type":"post","link":"http:\/\/www.interamericanstudies.net\/?p=2624","title":{"rendered":"Raab, Josef, Sebastian Thies, Daniela Noll-Opitz (eds.) Screening the Americas\/Proyectando las Am\u00e9rcias: Narration of Nation in Documentary Film\/Narraci\u00f3n de la naci\u00f3n en el cine documental. 2011"},"content":{"rendered":"<p><a href=\"http:\/\/www.interamericanstudies.net\/wp-content\/uploads\/2012\/03\/screening-the-americas1.jpg\"><img loading=\"lazy\" decoding=\"async\" src=\"http:\/\/www.interamericanstudies.net\/wp-content\/uploads\/2012\/03\/screening-the-americas1-212x300.jpg\" alt=\"\" title=\"screening the americas\" width=\"212\" height=\"300\" class=\"alignleft size-medium wp-image-3038\" srcset=\"http:\/\/www.interamericanstudies.net\/wp-content\/uploads\/2012\/03\/screening-the-americas1-212x300.jpg 212w, http:\/\/www.interamericanstudies.net\/wp-content\/uploads\/2012\/03\/screening-the-americas1.jpg 322w\" sizes=\"auto, (max-width: 212px) 100vw, 212px\" \/><\/a><br \/>\nThis collection of essays addresses the role of documentary film in negotiations of national identity throughout the Western Hemisphere. Twenty essays by scholars from Latin America, the U.S.A., and Europe analyze narrations of nation in this genre, focusing on documentary film as a political medium, representations of the margins of the nation, postmodern documentary aesthetics, the function of documentaries in terms of cultural memory, and recent revisions of documentary film history. In a concluding section, four renowned filmmakers from Argentina, Ecuador, Mexico, and the U.S.A. discuss their own approaches to constructing imagined communities in the practice of documentary filmmaking. This volume contains essays in both English and Spanish.<br \/>\nEsta serie de ensayos dirige su atenci\u00f3n al papel que, en el continente americano, asume la pel\u00edcula documental en la negociaci\u00f3n de las identidades nacionales.  Son veinte art\u00edculos en los que estudiosos y expertos de Latinoam\u00e9rica, los EE.UU. y Europa analizan la manera en que este g\u00e9nero f\u00edlmico  realiza la narraci\u00f3n de la naci\u00f3n, poniendo especial \u00e9nfasis en aspectos como la representaci\u00f3n de los m\u00e1rgenes de la naci\u00f3n, el documental como medio pol\u00edtico, la est\u00e9tica documental postmoderna, la funci\u00f3n del documental en t\u00e9rminos de la memoria cultural y revisiones recientes de la historia del g\u00e9nero. En la parte final, cuatro destacados cineastas de Argentina, Ecuador, M\u00e9xico y los EE.UU. discuten, a partir de la pr\u00e1ctica en la filmaci\u00f3n de documentales, su particular aproximaci\u00f3n a la construcci\u00f3n de las comunidades imaginadas de la naci\u00f3n. Este volumen contiene art\u00edculos tanto en ingl\u00e9s como en espa\u00f1ol.<\/p>\n<p><a href='http:\/\/www.interamericanstudies.net\/wp-content\/uploads\/2012\/03\/contents_screening_americas1.pdf'>Contents<\/a><\/p>\n<p><a href=\"http:\/\/www.elojoquepiensa.net\/07\/index.php\/layouts\/screening-the-americas-narration-of-nation-in-documentary-film-proyectando-las-americas-narracion-de-la-nacion-en-el-cine-documental\">Review<\/a><\/p>\n<p>\n<strong>VOLUME 1 of the book series:<br \/>\nINTER-AMERICAN STUDIES \/ ESTUDIOS INTERAMERICANOS <\/strong><\/p>\n<p>Edited by: Josef Raab (North American Studies, University of Duisburg-Essen)<br \/>\nand Sebastian Thies (Latin American and Media Studies, Bielefeld University)<br \/>\nCo-published with Wissenschaftlicher Verlag Trier, Germany<\/p>\n<p>This interdisciplinary series examines national and transnational issues in the cultures, societies, and histories of the Americas. It creates a forum for a critical academic dialogue between North and South, promoting an inter-American paradigm that shifts the scholarly focus from methodological nationalism to the wider context of the Western Hemisphere. <\/p>\n<p><strong><a href=\" http:\/\/www.amazon.com\/Screening-Americas-Documentary-Proyectando-Narraci%C3%83%C2%B3n\/dp\/1931010838\/ref=sr_1_1?ie=UTF8&#038;qid=1332534949&#038;sr=8-1\" target=\"_blank\">Buy at Amazon.com<\/a><\/strong><\/p>\n<p><strong><a href=\" http:\/\/www.amazon.de\/Screening-Americas-Documentary-Proyectando-Documental\/dp\/1931010838\/ref=sr_1_2?ie=UTF8&#038;qid=1332534864&#038;sr=8-2\" target=\"_blank\">Buy at Amazon.de<\/a><\/strong><\/p>\n","protected":false},"excerpt":{"rendered":"<p>This collection of essays addresses the role of documentary film in negotiations of national identity throughout the Western Hemisphere. Twenty essays by scholars from Latin America, the U.S.A., and Europe &#8230;<\/p>\n","protected":false},"author":1,"featured_media":0,"comment_status":"closed","ping_status":"closed","sticky":false,"template":"","format":"standard","meta":{"footnotes":""},"categories":[6],"tags":[],"class_list":["post-2624","post","type-post","status-publish","format-standard","hentry","category-book-publications"],"yoast_head":"<!-- This site is optimized with the Yoast SEO plugin v26.8 - https:\/\/yoast.com\/product\/yoast-seo-wordpress\/ -->\n<title>Raab, Josef, Sebastian Thies, Daniela Noll-Opitz (eds.) Screening the Americas\/Proyectando las Am\u00e9rcias: Narration of Nation in Documentary Film\/Narraci\u00f3n de la naci\u00f3n en el cine documental. 2011 - Inter-American Studies<\/title>\n<meta name=\"robots\" content=\"index, follow, max-snippet:-1, max-image-preview:large, max-video-preview:-1\" \/>\n<link rel=\"canonical\" href=\"http:\/\/www.interamericanstudies.net\/?p=2624\" \/>\n<meta property=\"og:locale\" content=\"en_US\" \/>\n<meta property=\"og:type\" content=\"article\" \/>\n<meta property=\"og:title\" content=\"Raab, Josef, Sebastian Thies, Daniela Noll-Opitz (eds.) Screening the Americas\/Proyectando las Am\u00e9rcias: Narration of Nation in Documentary Film\/Narraci\u00f3n de la naci\u00f3n en el cine documental. 2011 - Inter-American Studies\" \/>\n<meta property=\"og:description\" content=\"This collection of essays addresses the role of documentary film in negotiations of national identity throughout the Western Hemisphere. Twenty essays by scholars from Latin America, the U.S.A., and Europe ...\" \/>\n<meta property=\"og:url\" content=\"http:\/\/www.interamericanstudies.net\/?p=2624\" \/>\n<meta property=\"og:site_name\" content=\"Inter-American Studies\" \/>\n<meta property=\"article:publisher\" content=\"https:\/\/www.facebook.com\/interamericanstudies2009\" \/>\n<meta property=\"article:published_time\" content=\"2012-03-23T13:03:15+00:00\" \/>\n<meta property=\"article:modified_time\" content=\"2013-08-26T16:03:58+00:00\" \/>\n<meta property=\"og:image\" content=\"http:\/\/www.interamericanstudies.net\/wp-content\/uploads\/2012\/03\/screening-the-americas1-212x300.jpg\" \/>\n<meta name=\"author\" content=\"Gon\u00e7alo Cholant\" \/>\n<meta name=\"twitter:card\" content=\"summary_large_image\" \/>\n<meta name=\"twitter:label1\" content=\"Written by\" \/>\n\t<meta name=\"twitter:data1\" content=\"Gon\u00e7alo Cholant\" \/>\n\t<meta name=\"twitter:label2\" content=\"Est. reading time\" \/>\n\t<meta name=\"twitter:data2\" content=\"2 minutes\" \/>\n<script type=\"application\/ld+json\" class=\"yoast-schema-graph\">{\"@context\":\"https:\/\/schema.org\",\"@graph\":[{\"@type\":\"Article\",\"@id\":\"http:\/\/www.interamericanstudies.net\/?p=2624#article\",\"isPartOf\":{\"@id\":\"http:\/\/www.interamericanstudies.net\/?p=2624\"},\"author\":{\"name\":\"Gon\u00e7alo Cholant\",\"@id\":\"https:\/\/www.interamericanstudies.net\/#\/schema\/person\/c4e3328610475af8574539e0d4be370a\"},\"headline\":\"Raab, Josef, Sebastian Thies, Daniela Noll-Opitz (eds.) Screening the Americas\/Proyectando las Am\u00e9rcias: Narration of Nation in Documentary Film\/Narraci\u00f3n de la naci\u00f3n en el cine documental. 2011\",\"datePublished\":\"2012-03-23T13:03:15+00:00\",\"dateModified\":\"2013-08-26T16:03:58+00:00\",\"mainEntityOfPage\":{\"@id\":\"http:\/\/www.interamericanstudies.net\/?p=2624\"},\"wordCount\":408,\"publisher\":{\"@id\":\"https:\/\/www.interamericanstudies.net\/#organization\"},\"image\":{\"@id\":\"http:\/\/www.interamericanstudies.net\/?p=2624#primaryimage\"},\"thumbnailUrl\":\"http:\/\/www.interamericanstudies.net\/wp-content\/uploads\/2012\/03\/screening-the-americas1-212x300.jpg\",\"articleSection\":[\"Recent IAS Books\"],\"inLanguage\":\"en-US\"},{\"@type\":\"WebPage\",\"@id\":\"http:\/\/www.interamericanstudies.net\/?p=2624\",\"url\":\"http:\/\/www.interamericanstudies.net\/?p=2624\",\"name\":\"Raab, Josef, Sebastian Thies, Daniela Noll-Opitz (eds.) Screening the Americas\/Proyectando las Am\u00e9rcias: Narration of Nation in Documentary Film\/Narraci\u00f3n de la naci\u00f3n en el cine documental. 2011 - Inter-American Studies\",\"isPartOf\":{\"@id\":\"https:\/\/www.interamericanstudies.net\/#website\"},\"primaryImageOfPage\":{\"@id\":\"http:\/\/www.interamericanstudies.net\/?p=2624#primaryimage\"},\"image\":{\"@id\":\"http:\/\/www.interamericanstudies.net\/?p=2624#primaryimage\"},\"thumbnailUrl\":\"http:\/\/www.interamericanstudies.net\/wp-content\/uploads\/2012\/03\/screening-the-americas1-212x300.jpg\",\"datePublished\":\"2012-03-23T13:03:15+00:00\",\"dateModified\":\"2013-08-26T16:03:58+00:00\",\"breadcrumb\":{\"@id\":\"http:\/\/www.interamericanstudies.net\/?p=2624#breadcrumb\"},\"inLanguage\":\"en-US\",\"potentialAction\":[{\"@type\":\"ReadAction\",\"target\":[\"http:\/\/www.interamericanstudies.net\/?p=2624\"]}]},{\"@type\":\"ImageObject\",\"inLanguage\":\"en-US\",\"@id\":\"http:\/\/www.interamericanstudies.net\/?p=2624#primaryimage\",\"url\":\"http:\/\/www.interamericanstudies.net\/wp-content\/uploads\/2012\/03\/screening-the-americas1.jpg\",\"contentUrl\":\"http:\/\/www.interamericanstudies.net\/wp-content\/uploads\/2012\/03\/screening-the-americas1.jpg\",\"width\":\"322\",\"height\":\"455\"},{\"@type\":\"BreadcrumbList\",\"@id\":\"http:\/\/www.interamericanstudies.net\/?p=2624#breadcrumb\",\"itemListElement\":[{\"@type\":\"ListItem\",\"position\":1,\"name\":\"Home\",\"item\":\"https:\/\/www.interamericanstudies.net\/\"},{\"@type\":\"ListItem\",\"position\":2,\"name\":\"Raab, Josef, Sebastian Thies, Daniela Noll-Opitz (eds.) Screening the Americas\/Proyectando las Am\u00e9rcias: Narration of Nation in Documentary Film\/Narraci\u00f3n de la naci\u00f3n en el cine documental. 2011\"}]},{\"@type\":\"WebSite\",\"@id\":\"https:\/\/www.interamericanstudies.net\/#website\",\"url\":\"https:\/\/www.interamericanstudies.net\/\",\"name\":\"Inter-American Studies\",\"description\":\"International Association of Inter-American Studies\",\"publisher\":{\"@id\":\"https:\/\/www.interamericanstudies.net\/#organization\"},\"potentialAction\":[{\"@type\":\"SearchAction\",\"target\":{\"@type\":\"EntryPoint\",\"urlTemplate\":\"https:\/\/www.interamericanstudies.net\/?s={search_term_string}\"},\"query-input\":{\"@type\":\"PropertyValueSpecification\",\"valueRequired\":true,\"valueName\":\"search_term_string\"}}],\"inLanguage\":\"en-US\"},{\"@type\":\"Organization\",\"@id\":\"https:\/\/www.interamericanstudies.net\/#organization\",\"name\":\"Inter-American Studies\",\"url\":\"https:\/\/www.interamericanstudies.net\/\",\"logo\":{\"@type\":\"ImageObject\",\"inLanguage\":\"en-US\",\"@id\":\"https:\/\/www.interamericanstudies.net\/#\/schema\/logo\/image\/\",\"url\":\"http:\/\/www.interamericanstudies.net\/wp-content\/uploads\/2024\/09\/ias_logo_ohne_kleiner.png\",\"contentUrl\":\"http:\/\/www.interamericanstudies.net\/wp-content\/uploads\/2024\/09\/ias_logo_ohne_kleiner.png\",\"width\":850,\"height\":155,\"caption\":\"Inter-American Studies\"},\"image\":{\"@id\":\"https:\/\/www.interamericanstudies.net\/#\/schema\/logo\/image\/\"},\"sameAs\":[\"https:\/\/www.facebook.com\/interamericanstudies2009\"]},{\"@type\":\"Person\",\"@id\":\"https:\/\/www.interamericanstudies.net\/#\/schema\/person\/c4e3328610475af8574539e0d4be370a\",\"name\":\"Gon\u00e7alo Cholant\",\"image\":{\"@type\":\"ImageObject\",\"inLanguage\":\"en-US\",\"@id\":\"https:\/\/www.interamericanstudies.net\/#\/schema\/person\/image\/\",\"url\":\"https:\/\/secure.gravatar.com\/avatar\/011dfc139c98c8bcee689ce036ec4846?s=96&d=mm&r=g\",\"contentUrl\":\"https:\/\/secure.gravatar.com\/avatar\/011dfc139c98c8bcee689ce036ec4846?s=96&d=mm&r=g\",\"caption\":\"Gon\u00e7alo Cholant\"},\"url\":\"http:\/\/www.interamericanstudies.net\/?author=1\"}]}<\/script>\n<!-- \/ Yoast SEO plugin. -->","yoast_head_json":{"title":"Raab, Josef, Sebastian Thies, Daniela Noll-Opitz (eds.) Screening the Americas\/Proyectando las Am\u00e9rcias: Narration of Nation in Documentary Film\/Narraci\u00f3n de la naci\u00f3n en el cine documental. 2011 - Inter-American Studies","robots":{"index":"index","follow":"follow","max-snippet":"max-snippet:-1","max-image-preview":"max-image-preview:large","max-video-preview":"max-video-preview:-1"},"canonical":"http:\/\/www.interamericanstudies.net\/?p=2624","og_locale":"en_US","og_type":"article","og_title":"Raab, Josef, Sebastian Thies, Daniela Noll-Opitz (eds.) Screening the Americas\/Proyectando las Am\u00e9rcias: Narration of Nation in Documentary Film\/Narraci\u00f3n de la naci\u00f3n en el cine documental. 2011 - Inter-American Studies","og_description":"This collection of essays addresses the role of documentary film in negotiations of national identity throughout the Western Hemisphere. Twenty essays by scholars from Latin America, the U.S.A., and Europe ...","og_url":"http:\/\/www.interamericanstudies.net\/?p=2624","og_site_name":"Inter-American Studies","article_publisher":"https:\/\/www.facebook.com\/interamericanstudies2009","article_published_time":"2012-03-23T13:03:15+00:00","article_modified_time":"2013-08-26T16:03:58+00:00","og_image":[{"url":"http:\/\/www.interamericanstudies.net\/wp-content\/uploads\/2012\/03\/screening-the-americas1-212x300.jpg","type":"","width":"","height":""}],"author":"Gon\u00e7alo Cholant","twitter_card":"summary_large_image","twitter_misc":{"Written by":"Gon\u00e7alo Cholant","Est. reading time":"2 minutes"},"schema":{"@context":"https:\/\/schema.org","@graph":[{"@type":"Article","@id":"http:\/\/www.interamericanstudies.net\/?p=2624#article","isPartOf":{"@id":"http:\/\/www.interamericanstudies.net\/?p=2624"},"author":{"name":"Gon\u00e7alo Cholant","@id":"https:\/\/www.interamericanstudies.net\/#\/schema\/person\/c4e3328610475af8574539e0d4be370a"},"headline":"Raab, Josef, Sebastian Thies, Daniela Noll-Opitz (eds.) Screening the Americas\/Proyectando las Am\u00e9rcias: Narration of Nation in Documentary Film\/Narraci\u00f3n de la naci\u00f3n en el cine documental. 2011","datePublished":"2012-03-23T13:03:15+00:00","dateModified":"2013-08-26T16:03:58+00:00","mainEntityOfPage":{"@id":"http:\/\/www.interamericanstudies.net\/?p=2624"},"wordCount":408,"publisher":{"@id":"https:\/\/www.interamericanstudies.net\/#organization"},"image":{"@id":"http:\/\/www.interamericanstudies.net\/?p=2624#primaryimage"},"thumbnailUrl":"http:\/\/www.interamericanstudies.net\/wp-content\/uploads\/2012\/03\/screening-the-americas1-212x300.jpg","articleSection":["Recent IAS Books"],"inLanguage":"en-US"},{"@type":"WebPage","@id":"http:\/\/www.interamericanstudies.net\/?p=2624","url":"http:\/\/www.interamericanstudies.net\/?p=2624","name":"Raab, Josef, Sebastian Thies, Daniela Noll-Opitz (eds.) Screening the Americas\/Proyectando las Am\u00e9rcias: Narration of Nation in Documentary Film\/Narraci\u00f3n de la naci\u00f3n en el cine documental. 2011 - Inter-American Studies","isPartOf":{"@id":"https:\/\/www.interamericanstudies.net\/#website"},"primaryImageOfPage":{"@id":"http:\/\/www.interamericanstudies.net\/?p=2624#primaryimage"},"image":{"@id":"http:\/\/www.interamericanstudies.net\/?p=2624#primaryimage"},"thumbnailUrl":"http:\/\/www.interamericanstudies.net\/wp-content\/uploads\/2012\/03\/screening-the-americas1-212x300.jpg","datePublished":"2012-03-23T13:03:15+00:00","dateModified":"2013-08-26T16:03:58+00:00","breadcrumb":{"@id":"http:\/\/www.interamericanstudies.net\/?p=2624#breadcrumb"},"inLanguage":"en-US","potentialAction":[{"@type":"ReadAction","target":["http:\/\/www.interamericanstudies.net\/?p=2624"]}]},{"@type":"ImageObject","inLanguage":"en-US","@id":"http:\/\/www.interamericanstudies.net\/?p=2624#primaryimage","url":"http:\/\/www.interamericanstudies.net\/wp-content\/uploads\/2012\/03\/screening-the-americas1.jpg","contentUrl":"http:\/\/www.interamericanstudies.net\/wp-content\/uploads\/2012\/03\/screening-the-americas1.jpg","width":"322","height":"455"},{"@type":"BreadcrumbList","@id":"http:\/\/www.interamericanstudies.net\/?p=2624#breadcrumb","itemListElement":[{"@type":"ListItem","position":1,"name":"Home","item":"https:\/\/www.interamericanstudies.net\/"},{"@type":"ListItem","position":2,"name":"Raab, Josef, Sebastian Thies, Daniela Noll-Opitz (eds.) Screening the Americas\/Proyectando las Am\u00e9rcias: Narration of Nation in Documentary Film\/Narraci\u00f3n de la naci\u00f3n en el cine documental. 2011"}]},{"@type":"WebSite","@id":"https:\/\/www.interamericanstudies.net\/#website","url":"https:\/\/www.interamericanstudies.net\/","name":"Inter-American Studies","description":"International Association of Inter-American Studies","publisher":{"@id":"https:\/\/www.interamericanstudies.net\/#organization"},"potentialAction":[{"@type":"SearchAction","target":{"@type":"EntryPoint","urlTemplate":"https:\/\/www.interamericanstudies.net\/?s={search_term_string}"},"query-input":{"@type":"PropertyValueSpecification","valueRequired":true,"valueName":"search_term_string"}}],"inLanguage":"en-US"},{"@type":"Organization","@id":"https:\/\/www.interamericanstudies.net\/#organization","name":"Inter-American Studies","url":"https:\/\/www.interamericanstudies.net\/","logo":{"@type":"ImageObject","inLanguage":"en-US","@id":"https:\/\/www.interamericanstudies.net\/#\/schema\/logo\/image\/","url":"http:\/\/www.interamericanstudies.net\/wp-content\/uploads\/2024\/09\/ias_logo_ohne_kleiner.png","contentUrl":"http:\/\/www.interamericanstudies.net\/wp-content\/uploads\/2024\/09\/ias_logo_ohne_kleiner.png","width":850,"height":155,"caption":"Inter-American Studies"},"image":{"@id":"https:\/\/www.interamericanstudies.net\/#\/schema\/logo\/image\/"},"sameAs":["https:\/\/www.facebook.com\/interamericanstudies2009"]},{"@type":"Person","@id":"https:\/\/www.interamericanstudies.net\/#\/schema\/person\/c4e3328610475af8574539e0d4be370a","name":"Gon\u00e7alo Cholant","image":{"@type":"ImageObject","inLanguage":"en-US","@id":"https:\/\/www.interamericanstudies.net\/#\/schema\/person\/image\/","url":"https:\/\/secure.gravatar.com\/avatar\/011dfc139c98c8bcee689ce036ec4846?s=96&d=mm&r=g","contentUrl":"https:\/\/secure.gravatar.com\/avatar\/011dfc139c98c8bcee689ce036ec4846?s=96&d=mm&r=g","caption":"Gon\u00e7alo Cholant"},"url":"http:\/\/www.interamericanstudies.net\/?author=1"}]}},"_links":{"self":[{"href":"http:\/\/www.interamericanstudies.net\/index.php?rest_route=\/wp\/v2\/posts\/2624","targetHints":{"allow":["GET"]}}],"collection":[{"href":"http:\/\/www.interamericanstudies.net\/index.php?rest_route=\/wp\/v2\/posts"}],"about":[{"href":"http:\/\/www.interamericanstudies.net\/index.php?rest_route=\/wp\/v2\/types\/post"}],"author":[{"embeddable":true,"href":"http:\/\/www.interamericanstudies.net\/index.php?rest_route=\/wp\/v2\/users\/1"}],"replies":[{"embeddable":true,"href":"http:\/\/www.interamericanstudies.net\/index.php?rest_route=%2Fwp%2Fv2%2Fcomments&post=2624"}],"version-history":[{"count":32,"href":"http:\/\/www.interamericanstudies.net\/index.php?rest_route=\/wp\/v2\/posts\/2624\/revisions"}],"predecessor-version":[{"id":2640,"href":"http:\/\/www.interamericanstudies.net\/index.php?rest_route=\/wp\/v2\/posts\/2624\/revisions\/2640"}],"wp:attachment":[{"href":"http:\/\/www.interamericanstudies.net\/index.php?rest_route=%2Fwp%2Fv2%2Fmedia&parent=2624"}],"wp:term":[{"taxonomy":"category","embeddable":true,"href":"http:\/\/www.interamericanstudies.net\/index.php?rest_route=%2Fwp%2Fv2%2Fcategories&post=2624"},{"taxonomy":"post_tag","embeddable":true,"href":"http:\/\/www.interamericanstudies.net\/index.php?rest_route=%2Fwp%2Fv2%2Ftags&post=2624"}],"curies":[{"name":"wp","href":"https:\/\/api.w.org\/{rel}","templated":true}]}}