{"id":389,"date":"2010-02-08T01:02:52","date_gmt":"2010-02-08T01:02:52","guid":{"rendered":"http:\/\/www.interamericanstudies.net\/wordpress\/?p=389"},"modified":"2010-03-15T01:04:50","modified_gmt":"2010-03-15T01:04:50","slug":"jose-luis-campos-garcia-cuando-la-musica-cruzo-la-frontera-digital","status":"publish","type":"post","link":"http:\/\/www.interamericanstudies.net\/?p=389","title":{"rendered":"Campos Garc\u00eda, Jos\u00e9 Luis. Cuando la M\u00fasica Cruz\u00f3 la Frontera Digital. 2008"},"content":{"rendered":"<p><img loading=\"lazy\" decoding=\"async\" class=\"alignleft size-medium wp-image-761\" title=\"CuandoMusica\" src=\"http:\/\/www.interamericanstudies.net\/wp-content\/uploads\/2010\/02\/CuandoMusica-200x300.jpg\" alt=\"\" width=\"200\" height=\"300\" srcset=\"http:\/\/www.interamericanstudies.net\/wp-content\/uploads\/2010\/02\/CuandoMusica-200x300.jpg 200w, http:\/\/www.interamericanstudies.net\/wp-content\/uploads\/2010\/02\/CuandoMusica.jpg 267w\" sizes=\"auto, (max-width: 200px) 100vw, 200px\" \/>El libro Cuando la m\u00fasica cruz\u00f3 la frontera digital es una invitaci\u00f3n a la reflexi\u00f3n y al debate sobre los cambios que est\u00e1 experimentando el mundo de la m\u00fasica ante el afianzamiento de los sistemas digitales en diversos \u00e1mbitos de la actividad musical. Desde hace algunos a\u00f1os asistimos al derrumbamiento de uno de los pilares del negocio musical como lo fue la industria discogr\u00e1fica. En este proceso, hemos sido testigos de una serie de querellas, enfrentamiento de<br \/>\nintereses, disputas tecnol\u00f3gicas y discusiones acerca de c\u00f3mo deber\u00eda ser el acceso a la m\u00fasica; cuando, en realidad, en el trasfondo de esta contienda, de forma m\u00e1s extensiva y latente, el debate principal deber\u00eda tratar sobre c\u00f3mo accedemos a la cultura y al conocimiento en el marco de esta irremediable reconversi\u00f3n digital. No s\u00f3lo se ha derrumbado un modelo de negocio de la<br \/>\nm\u00fasica sino tambi\u00e9n sus demarcaciones conceptuales y por ello este libro intenta una nueva aproximaci\u00f3n al car\u00e1cter socio cultural en que han sido adoptados los desarrollos tecnol\u00f3gicos en el campo musical, los cuales ponen a prueba las fronteras entre nociones forjadas en la modernidad como autor, int\u00e9rprete, editor, productor, t\u00e9cnico, original, emisor, receptor, p\u00fablico, audiencia, etc.<\/p>\n<p>Campos Garc\u00eda, Jos\u00e9 Luis. Cuando la m\u00fasica cruz\u00f3 la frontera digital. Madrid: Biblioteca Nueva: 2008.<\/p>\n<p>You can buy the book\u00a0 on the website of the Publisher: <a href=\"http:\/\/www.bibliotecanueva.es\/\" target=\"_blank\">Biblioteca Nueva<\/a><\/p>\n","protected":false},"excerpt":{"rendered":"<p>El libro Cuando la m\u00fasica cruz\u00f3 la frontera digital es una invitaci\u00f3n a la reflexi\u00f3n y al debate sobre los cambios que est\u00e1 experimentando el mundo de la m\u00fasica ante &#8230;<\/p>\n","protected":false},"author":2,"featured_media":0,"comment_status":"closed","ping_status":"open","sticky":false,"template":"","format":"standard","meta":{"footnotes":""},"categories":[9,6],"tags":[],"class_list":["post-389","post","type-post","status-publish","format-standard","hentry","category-espanol","category-book-publications"],"yoast_head":"<!-- This site is optimized with the Yoast SEO plugin v26.8 - https:\/\/yoast.com\/product\/yoast-seo-wordpress\/ -->\n<title>Campos Garc\u00eda, Jos\u00e9 Luis. Cuando la M\u00fasica Cruz\u00f3 la Frontera Digital. 2008 - Inter-American Studies<\/title>\n<meta name=\"robots\" content=\"index, follow, max-snippet:-1, max-image-preview:large, max-video-preview:-1\" \/>\n<link rel=\"canonical\" href=\"http:\/\/www.interamericanstudies.net\/?p=389\" \/>\n<meta property=\"og:locale\" content=\"en_US\" \/>\n<meta property=\"og:type\" content=\"article\" \/>\n<meta property=\"og:title\" content=\"Campos Garc\u00eda, Jos\u00e9 Luis. Cuando la M\u00fasica Cruz\u00f3 la Frontera Digital. 2008 - Inter-American Studies\" \/>\n<meta property=\"og:description\" content=\"El libro Cuando la m\u00fasica cruz\u00f3 la frontera digital es una invitaci\u00f3n a la reflexi\u00f3n y al debate sobre los cambios que est\u00e1 experimentando el mundo de la m\u00fasica ante ...\" \/>\n<meta property=\"og:url\" content=\"http:\/\/www.interamericanstudies.net\/?p=389\" \/>\n<meta property=\"og:site_name\" content=\"Inter-American Studies\" \/>\n<meta property=\"article:publisher\" content=\"https:\/\/www.facebook.com\/interamericanstudies2009\" \/>\n<meta property=\"article:published_time\" content=\"2010-02-08T01:02:52+00:00\" \/>\n<meta property=\"article:modified_time\" content=\"2010-03-15T01:04:50+00:00\" \/>\n<meta property=\"og:image\" content=\"http:\/\/www.interamericanstudies.net\/wp-content\/uploads\/2010\/02\/CuandoMusica-200x300.jpg\" \/>\n<meta name=\"author\" content=\"Angie Isaak\" \/>\n<meta name=\"twitter:card\" content=\"summary_large_image\" \/>\n<meta name=\"twitter:label1\" content=\"Written by\" \/>\n\t<meta name=\"twitter:data1\" content=\"Angie Isaak\" \/>\n\t<meta name=\"twitter:label2\" content=\"Est. reading time\" \/>\n\t<meta name=\"twitter:data2\" content=\"1 minute\" \/>\n<script type=\"application\/ld+json\" class=\"yoast-schema-graph\">{\"@context\":\"https:\/\/schema.org\",\"@graph\":[{\"@type\":\"Article\",\"@id\":\"http:\/\/www.interamericanstudies.net\/?p=389#article\",\"isPartOf\":{\"@id\":\"http:\/\/www.interamericanstudies.net\/?p=389\"},\"author\":{\"name\":\"Angie Isaak\",\"@id\":\"https:\/\/www.interamericanstudies.net\/#\/schema\/person\/923107c79decb3213d47242b493e649f\"},\"headline\":\"Campos Garc\u00eda, Jos\u00e9 Luis. Cuando la M\u00fasica Cruz\u00f3 la Frontera Digital. 2008\",\"datePublished\":\"2010-02-08T01:02:52+00:00\",\"dateModified\":\"2010-03-15T01:04:50+00:00\",\"mainEntityOfPage\":{\"@id\":\"http:\/\/www.interamericanstudies.net\/?p=389\"},\"wordCount\":261,\"publisher\":{\"@id\":\"https:\/\/www.interamericanstudies.net\/#organization\"},\"image\":{\"@id\":\"http:\/\/www.interamericanstudies.net\/?p=389#primaryimage\"},\"thumbnailUrl\":\"http:\/\/www.interamericanstudies.net\/wp-content\/uploads\/2010\/02\/CuandoMusica-200x300.jpg\",\"articleSection\":[\"Espanol\",\"Recent IAS Books\"],\"inLanguage\":\"en-US\"},{\"@type\":\"WebPage\",\"@id\":\"http:\/\/www.interamericanstudies.net\/?p=389\",\"url\":\"http:\/\/www.interamericanstudies.net\/?p=389\",\"name\":\"Campos Garc\u00eda, Jos\u00e9 Luis. Cuando la M\u00fasica Cruz\u00f3 la Frontera Digital. 2008 - Inter-American Studies\",\"isPartOf\":{\"@id\":\"https:\/\/www.interamericanstudies.net\/#website\"},\"primaryImageOfPage\":{\"@id\":\"http:\/\/www.interamericanstudies.net\/?p=389#primaryimage\"},\"image\":{\"@id\":\"http:\/\/www.interamericanstudies.net\/?p=389#primaryimage\"},\"thumbnailUrl\":\"http:\/\/www.interamericanstudies.net\/wp-content\/uploads\/2010\/02\/CuandoMusica-200x300.jpg\",\"datePublished\":\"2010-02-08T01:02:52+00:00\",\"dateModified\":\"2010-03-15T01:04:50+00:00\",\"breadcrumb\":{\"@id\":\"http:\/\/www.interamericanstudies.net\/?p=389#breadcrumb\"},\"inLanguage\":\"en-US\",\"potentialAction\":[{\"@type\":\"ReadAction\",\"target\":[\"http:\/\/www.interamericanstudies.net\/?p=389\"]}]},{\"@type\":\"ImageObject\",\"inLanguage\":\"en-US\",\"@id\":\"http:\/\/www.interamericanstudies.net\/?p=389#primaryimage\",\"url\":\"http:\/\/www.interamericanstudies.net\/wp-content\/uploads\/2010\/02\/CuandoMusica.jpg\",\"contentUrl\":\"http:\/\/www.interamericanstudies.net\/wp-content\/uploads\/2010\/02\/CuandoMusica.jpg\",\"width\":\"267\",\"height\":\"400\"},{\"@type\":\"BreadcrumbList\",\"@id\":\"http:\/\/www.interamericanstudies.net\/?p=389#breadcrumb\",\"itemListElement\":[{\"@type\":\"ListItem\",\"position\":1,\"name\":\"Home\",\"item\":\"https:\/\/www.interamericanstudies.net\/\"},{\"@type\":\"ListItem\",\"position\":2,\"name\":\"Campos Garc\u00eda, Jos\u00e9 Luis. Cuando la M\u00fasica Cruz\u00f3 la Frontera Digital. 2008\"}]},{\"@type\":\"WebSite\",\"@id\":\"https:\/\/www.interamericanstudies.net\/#website\",\"url\":\"https:\/\/www.interamericanstudies.net\/\",\"name\":\"Inter-American Studies\",\"description\":\"International Association of Inter-American Studies\",\"publisher\":{\"@id\":\"https:\/\/www.interamericanstudies.net\/#organization\"},\"potentialAction\":[{\"@type\":\"SearchAction\",\"target\":{\"@type\":\"EntryPoint\",\"urlTemplate\":\"https:\/\/www.interamericanstudies.net\/?s={search_term_string}\"},\"query-input\":{\"@type\":\"PropertyValueSpecification\",\"valueRequired\":true,\"valueName\":\"search_term_string\"}}],\"inLanguage\":\"en-US\"},{\"@type\":\"Organization\",\"@id\":\"https:\/\/www.interamericanstudies.net\/#organization\",\"name\":\"Inter-American Studies\",\"url\":\"https:\/\/www.interamericanstudies.net\/\",\"logo\":{\"@type\":\"ImageObject\",\"inLanguage\":\"en-US\",\"@id\":\"https:\/\/www.interamericanstudies.net\/#\/schema\/logo\/image\/\",\"url\":\"http:\/\/www.interamericanstudies.net\/wp-content\/uploads\/2024\/09\/ias_logo_ohne_kleiner.png\",\"contentUrl\":\"http:\/\/www.interamericanstudies.net\/wp-content\/uploads\/2024\/09\/ias_logo_ohne_kleiner.png\",\"width\":850,\"height\":155,\"caption\":\"Inter-American Studies\"},\"image\":{\"@id\":\"https:\/\/www.interamericanstudies.net\/#\/schema\/logo\/image\/\"},\"sameAs\":[\"https:\/\/www.facebook.com\/interamericanstudies2009\"]},{\"@type\":\"Person\",\"@id\":\"https:\/\/www.interamericanstudies.net\/#\/schema\/person\/923107c79decb3213d47242b493e649f\",\"name\":\"Angie Isaak\",\"image\":{\"@type\":\"ImageObject\",\"inLanguage\":\"en-US\",\"@id\":\"https:\/\/www.interamericanstudies.net\/#\/schema\/person\/image\/\",\"url\":\"https:\/\/secure.gravatar.com\/avatar\/04c86219f1754a2eb9742616e93d3f73?s=96&d=mm&r=g\",\"contentUrl\":\"https:\/\/secure.gravatar.com\/avatar\/04c86219f1754a2eb9742616e93d3f73?s=96&d=mm&r=g\",\"caption\":\"Angie Isaak\"},\"sameAs\":[\"http:\/\/www.interamericanstudies.net\"],\"url\":\"http:\/\/www.interamericanstudies.net\/?author=2\"}]}<\/script>\n<!-- \/ Yoast SEO plugin. -->","yoast_head_json":{"title":"Campos Garc\u00eda, Jos\u00e9 Luis. Cuando la M\u00fasica Cruz\u00f3 la Frontera Digital. 2008 - Inter-American Studies","robots":{"index":"index","follow":"follow","max-snippet":"max-snippet:-1","max-image-preview":"max-image-preview:large","max-video-preview":"max-video-preview:-1"},"canonical":"http:\/\/www.interamericanstudies.net\/?p=389","og_locale":"en_US","og_type":"article","og_title":"Campos Garc\u00eda, Jos\u00e9 Luis. Cuando la M\u00fasica Cruz\u00f3 la Frontera Digital. 2008 - Inter-American Studies","og_description":"El libro Cuando la m\u00fasica cruz\u00f3 la frontera digital es una invitaci\u00f3n a la reflexi\u00f3n y al debate sobre los cambios que est\u00e1 experimentando el mundo de la m\u00fasica ante ...","og_url":"http:\/\/www.interamericanstudies.net\/?p=389","og_site_name":"Inter-American Studies","article_publisher":"https:\/\/www.facebook.com\/interamericanstudies2009","article_published_time":"2010-02-08T01:02:52+00:00","article_modified_time":"2010-03-15T01:04:50+00:00","og_image":[{"url":"http:\/\/www.interamericanstudies.net\/wp-content\/uploads\/2010\/02\/CuandoMusica-200x300.jpg","type":"","width":"","height":""}],"author":"Angie Isaak","twitter_card":"summary_large_image","twitter_misc":{"Written by":"Angie Isaak","Est. reading time":"1 minute"},"schema":{"@context":"https:\/\/schema.org","@graph":[{"@type":"Article","@id":"http:\/\/www.interamericanstudies.net\/?p=389#article","isPartOf":{"@id":"http:\/\/www.interamericanstudies.net\/?p=389"},"author":{"name":"Angie Isaak","@id":"https:\/\/www.interamericanstudies.net\/#\/schema\/person\/923107c79decb3213d47242b493e649f"},"headline":"Campos Garc\u00eda, Jos\u00e9 Luis. Cuando la M\u00fasica Cruz\u00f3 la Frontera Digital. 2008","datePublished":"2010-02-08T01:02:52+00:00","dateModified":"2010-03-15T01:04:50+00:00","mainEntityOfPage":{"@id":"http:\/\/www.interamericanstudies.net\/?p=389"},"wordCount":261,"publisher":{"@id":"https:\/\/www.interamericanstudies.net\/#organization"},"image":{"@id":"http:\/\/www.interamericanstudies.net\/?p=389#primaryimage"},"thumbnailUrl":"http:\/\/www.interamericanstudies.net\/wp-content\/uploads\/2010\/02\/CuandoMusica-200x300.jpg","articleSection":["Espanol","Recent IAS Books"],"inLanguage":"en-US"},{"@type":"WebPage","@id":"http:\/\/www.interamericanstudies.net\/?p=389","url":"http:\/\/www.interamericanstudies.net\/?p=389","name":"Campos Garc\u00eda, Jos\u00e9 Luis. Cuando la M\u00fasica Cruz\u00f3 la Frontera Digital. 2008 - Inter-American Studies","isPartOf":{"@id":"https:\/\/www.interamericanstudies.net\/#website"},"primaryImageOfPage":{"@id":"http:\/\/www.interamericanstudies.net\/?p=389#primaryimage"},"image":{"@id":"http:\/\/www.interamericanstudies.net\/?p=389#primaryimage"},"thumbnailUrl":"http:\/\/www.interamericanstudies.net\/wp-content\/uploads\/2010\/02\/CuandoMusica-200x300.jpg","datePublished":"2010-02-08T01:02:52+00:00","dateModified":"2010-03-15T01:04:50+00:00","breadcrumb":{"@id":"http:\/\/www.interamericanstudies.net\/?p=389#breadcrumb"},"inLanguage":"en-US","potentialAction":[{"@type":"ReadAction","target":["http:\/\/www.interamericanstudies.net\/?p=389"]}]},{"@type":"ImageObject","inLanguage":"en-US","@id":"http:\/\/www.interamericanstudies.net\/?p=389#primaryimage","url":"http:\/\/www.interamericanstudies.net\/wp-content\/uploads\/2010\/02\/CuandoMusica.jpg","contentUrl":"http:\/\/www.interamericanstudies.net\/wp-content\/uploads\/2010\/02\/CuandoMusica.jpg","width":"267","height":"400"},{"@type":"BreadcrumbList","@id":"http:\/\/www.interamericanstudies.net\/?p=389#breadcrumb","itemListElement":[{"@type":"ListItem","position":1,"name":"Home","item":"https:\/\/www.interamericanstudies.net\/"},{"@type":"ListItem","position":2,"name":"Campos Garc\u00eda, Jos\u00e9 Luis. Cuando la M\u00fasica Cruz\u00f3 la Frontera Digital. 2008"}]},{"@type":"WebSite","@id":"https:\/\/www.interamericanstudies.net\/#website","url":"https:\/\/www.interamericanstudies.net\/","name":"Inter-American Studies","description":"International Association of Inter-American Studies","publisher":{"@id":"https:\/\/www.interamericanstudies.net\/#organization"},"potentialAction":[{"@type":"SearchAction","target":{"@type":"EntryPoint","urlTemplate":"https:\/\/www.interamericanstudies.net\/?s={search_term_string}"},"query-input":{"@type":"PropertyValueSpecification","valueRequired":true,"valueName":"search_term_string"}}],"inLanguage":"en-US"},{"@type":"Organization","@id":"https:\/\/www.interamericanstudies.net\/#organization","name":"Inter-American Studies","url":"https:\/\/www.interamericanstudies.net\/","logo":{"@type":"ImageObject","inLanguage":"en-US","@id":"https:\/\/www.interamericanstudies.net\/#\/schema\/logo\/image\/","url":"http:\/\/www.interamericanstudies.net\/wp-content\/uploads\/2024\/09\/ias_logo_ohne_kleiner.png","contentUrl":"http:\/\/www.interamericanstudies.net\/wp-content\/uploads\/2024\/09\/ias_logo_ohne_kleiner.png","width":850,"height":155,"caption":"Inter-American Studies"},"image":{"@id":"https:\/\/www.interamericanstudies.net\/#\/schema\/logo\/image\/"},"sameAs":["https:\/\/www.facebook.com\/interamericanstudies2009"]},{"@type":"Person","@id":"https:\/\/www.interamericanstudies.net\/#\/schema\/person\/923107c79decb3213d47242b493e649f","name":"Angie Isaak","image":{"@type":"ImageObject","inLanguage":"en-US","@id":"https:\/\/www.interamericanstudies.net\/#\/schema\/person\/image\/","url":"https:\/\/secure.gravatar.com\/avatar\/04c86219f1754a2eb9742616e93d3f73?s=96&d=mm&r=g","contentUrl":"https:\/\/secure.gravatar.com\/avatar\/04c86219f1754a2eb9742616e93d3f73?s=96&d=mm&r=g","caption":"Angie Isaak"},"sameAs":["http:\/\/www.interamericanstudies.net"],"url":"http:\/\/www.interamericanstudies.net\/?author=2"}]}},"_links":{"self":[{"href":"http:\/\/www.interamericanstudies.net\/index.php?rest_route=\/wp\/v2\/posts\/389","targetHints":{"allow":["GET"]}}],"collection":[{"href":"http:\/\/www.interamericanstudies.net\/index.php?rest_route=\/wp\/v2\/posts"}],"about":[{"href":"http:\/\/www.interamericanstudies.net\/index.php?rest_route=\/wp\/v2\/types\/post"}],"author":[{"embeddable":true,"href":"http:\/\/www.interamericanstudies.net\/index.php?rest_route=\/wp\/v2\/users\/2"}],"replies":[{"embeddable":true,"href":"http:\/\/www.interamericanstudies.net\/index.php?rest_route=%2Fwp%2Fv2%2Fcomments&post=389"}],"version-history":[{"count":0,"href":"http:\/\/www.interamericanstudies.net\/index.php?rest_route=\/wp\/v2\/posts\/389\/revisions"}],"wp:attachment":[{"href":"http:\/\/www.interamericanstudies.net\/index.php?rest_route=%2Fwp%2Fv2%2Fmedia&parent=389"}],"wp:term":[{"taxonomy":"category","embeddable":true,"href":"http:\/\/www.interamericanstudies.net\/index.php?rest_route=%2Fwp%2Fv2%2Fcategories&post=389"},{"taxonomy":"post_tag","embeddable":true,"href":"http:\/\/www.interamericanstudies.net\/index.php?rest_route=%2Fwp%2Fv2%2Ftags&post=389"}],"curies":[{"name":"wp","href":"https:\/\/api.w.org\/{rel}","templated":true}]}}