{"id":4595,"date":"2013-11-14T11:43:03","date_gmt":"2013-11-14T11:43:03","guid":{"rendered":"http:\/\/www.interamericanstudies.net\/?p=4595"},"modified":"2013-11-14T11:43:03","modified_gmt":"2013-11-14T11:43:03","slug":"seminario-permanente-sobre-migracion-internacional-video-sesion-9a-del-ciclo-2013","status":"publish","type":"post","link":"http:\/\/www.interamericanstudies.net\/?p=4595","title":{"rendered":"Seminario Permanente Sobre Migraci\u00f3n Internacional Video Sesi\u00f3n 9a. del Ciclo 2013"},"content":{"rendered":"<p>Ya se encuentra en el portal del Sepmig el video de la novena sesi\u00f3n: &#8220;El proceso de la reforma migratoria en Estados Unidos y sus implicaciones para M\u00e9xico y para Estados Unidos&#8221; que se realiz\u00f3 en El Colegio de M\u00e9xico el pasado 7 de noviembre.<\/p>\n<p><a href=\"http:\/\/www.colef.mx\/sepmig\/?p=3502\">http:\/\/www.colef.mx\/sepmig\/?p=3502<\/a><\/p>\n","protected":false},"excerpt":{"rendered":"<p>Ya se encuentra en el portal del Sepmig el video de la novena sesi\u00f3n: &#8220;El proceso de la reforma migratoria en Estados Unidos y sus implicaciones para M\u00e9xico y para &#8230;<\/p>\n","protected":false},"author":1,"featured_media":0,"comment_status":"closed","ping_status":"closed","sticky":false,"template":"","format":"standard","meta":{"footnotes":""},"categories":[3],"tags":[],"class_list":["post-4595","post","type-post","status-publish","format-standard","hentry","category-news"],"yoast_head":"<!-- This site is optimized with the Yoast SEO plugin v26.8 - https:\/\/yoast.com\/product\/yoast-seo-wordpress\/ -->\n<title>Seminario Permanente Sobre Migraci\u00f3n Internacional Video Sesi\u00f3n 9a. del Ciclo 2013 - Inter-American Studies<\/title>\n<meta name=\"robots\" content=\"index, follow, max-snippet:-1, max-image-preview:large, max-video-preview:-1\" \/>\n<link rel=\"canonical\" href=\"http:\/\/www.interamericanstudies.net\/?p=4595\" \/>\n<meta property=\"og:locale\" content=\"en_US\" \/>\n<meta property=\"og:type\" content=\"article\" \/>\n<meta property=\"og:title\" content=\"Seminario Permanente Sobre Migraci\u00f3n Internacional Video Sesi\u00f3n 9a. del Ciclo 2013 - Inter-American Studies\" \/>\n<meta property=\"og:description\" content=\"Ya se encuentra en el portal del Sepmig el video de la novena sesi\u00f3n: &#8220;El proceso de la reforma migratoria en Estados Unidos y sus implicaciones para M\u00e9xico y para ...\" \/>\n<meta property=\"og:url\" content=\"http:\/\/www.interamericanstudies.net\/?p=4595\" \/>\n<meta property=\"og:site_name\" content=\"Inter-American Studies\" \/>\n<meta property=\"article:publisher\" content=\"https:\/\/www.facebook.com\/interamericanstudies2009\" \/>\n<meta property=\"article:published_time\" content=\"2013-11-14T11:43:03+00:00\" \/>\n<meta name=\"author\" content=\"Gon\u00e7alo Cholant\" \/>\n<meta name=\"twitter:card\" content=\"summary_large_image\" \/>\n<meta name=\"twitter:label1\" content=\"Written by\" \/>\n\t<meta name=\"twitter:data1\" content=\"Gon\u00e7alo Cholant\" \/>\n<script type=\"application\/ld+json\" class=\"yoast-schema-graph\">{\"@context\":\"https:\/\/schema.org\",\"@graph\":[{\"@type\":\"Article\",\"@id\":\"http:\/\/www.interamericanstudies.net\/?p=4595#article\",\"isPartOf\":{\"@id\":\"http:\/\/www.interamericanstudies.net\/?p=4595\"},\"author\":{\"name\":\"Gon\u00e7alo Cholant\",\"@id\":\"https:\/\/www.interamericanstudies.net\/#\/schema\/person\/c4e3328610475af8574539e0d4be370a\"},\"headline\":\"Seminario Permanente Sobre Migraci\u00f3n Internacional Video Sesi\u00f3n 9a. del Ciclo 2013\",\"datePublished\":\"2013-11-14T11:43:03+00:00\",\"mainEntityOfPage\":{\"@id\":\"http:\/\/www.interamericanstudies.net\/?p=4595\"},\"wordCount\":65,\"publisher\":{\"@id\":\"https:\/\/www.interamericanstudies.net\/#organization\"},\"articleSection\":[\"news\"],\"inLanguage\":\"en-US\"},{\"@type\":\"WebPage\",\"@id\":\"http:\/\/www.interamericanstudies.net\/?p=4595\",\"url\":\"http:\/\/www.interamericanstudies.net\/?p=4595\",\"name\":\"Seminario Permanente Sobre Migraci\u00f3n Internacional Video Sesi\u00f3n 9a. del Ciclo 2013 - Inter-American Studies\",\"isPartOf\":{\"@id\":\"https:\/\/www.interamericanstudies.net\/#website\"},\"datePublished\":\"2013-11-14T11:43:03+00:00\",\"breadcrumb\":{\"@id\":\"http:\/\/www.interamericanstudies.net\/?p=4595#breadcrumb\"},\"inLanguage\":\"en-US\",\"potentialAction\":[{\"@type\":\"ReadAction\",\"target\":[\"http:\/\/www.interamericanstudies.net\/?p=4595\"]}]},{\"@type\":\"BreadcrumbList\",\"@id\":\"http:\/\/www.interamericanstudies.net\/?p=4595#breadcrumb\",\"itemListElement\":[{\"@type\":\"ListItem\",\"position\":1,\"name\":\"Home\",\"item\":\"https:\/\/www.interamericanstudies.net\/\"},{\"@type\":\"ListItem\",\"position\":2,\"name\":\"Seminario Permanente Sobre Migraci\u00f3n Internacional Video Sesi\u00f3n 9a. del Ciclo 2013\"}]},{\"@type\":\"WebSite\",\"@id\":\"https:\/\/www.interamericanstudies.net\/#website\",\"url\":\"https:\/\/www.interamericanstudies.net\/\",\"name\":\"Inter-American Studies\",\"description\":\"International Association of Inter-American Studies\",\"publisher\":{\"@id\":\"https:\/\/www.interamericanstudies.net\/#organization\"},\"potentialAction\":[{\"@type\":\"SearchAction\",\"target\":{\"@type\":\"EntryPoint\",\"urlTemplate\":\"https:\/\/www.interamericanstudies.net\/?s={search_term_string}\"},\"query-input\":{\"@type\":\"PropertyValueSpecification\",\"valueRequired\":true,\"valueName\":\"search_term_string\"}}],\"inLanguage\":\"en-US\"},{\"@type\":\"Organization\",\"@id\":\"https:\/\/www.interamericanstudies.net\/#organization\",\"name\":\"Inter-American Studies\",\"url\":\"https:\/\/www.interamericanstudies.net\/\",\"logo\":{\"@type\":\"ImageObject\",\"inLanguage\":\"en-US\",\"@id\":\"https:\/\/www.interamericanstudies.net\/#\/schema\/logo\/image\/\",\"url\":\"http:\/\/www.interamericanstudies.net\/wp-content\/uploads\/2024\/09\/ias_logo_ohne_kleiner.png\",\"contentUrl\":\"http:\/\/www.interamericanstudies.net\/wp-content\/uploads\/2024\/09\/ias_logo_ohne_kleiner.png\",\"width\":850,\"height\":155,\"caption\":\"Inter-American Studies\"},\"image\":{\"@id\":\"https:\/\/www.interamericanstudies.net\/#\/schema\/logo\/image\/\"},\"sameAs\":[\"https:\/\/www.facebook.com\/interamericanstudies2009\"]},{\"@type\":\"Person\",\"@id\":\"https:\/\/www.interamericanstudies.net\/#\/schema\/person\/c4e3328610475af8574539e0d4be370a\",\"name\":\"Gon\u00e7alo Cholant\",\"image\":{\"@type\":\"ImageObject\",\"inLanguage\":\"en-US\",\"@id\":\"https:\/\/www.interamericanstudies.net\/#\/schema\/person\/image\/\",\"url\":\"https:\/\/secure.gravatar.com\/avatar\/011dfc139c98c8bcee689ce036ec4846?s=96&d=mm&r=g\",\"contentUrl\":\"https:\/\/secure.gravatar.com\/avatar\/011dfc139c98c8bcee689ce036ec4846?s=96&d=mm&r=g\",\"caption\":\"Gon\u00e7alo Cholant\"},\"url\":\"http:\/\/www.interamericanstudies.net\/?author=1\"}]}<\/script>\n<!-- \/ Yoast SEO plugin. -->","yoast_head_json":{"title":"Seminario Permanente Sobre Migraci\u00f3n Internacional Video Sesi\u00f3n 9a. del Ciclo 2013 - Inter-American Studies","robots":{"index":"index","follow":"follow","max-snippet":"max-snippet:-1","max-image-preview":"max-image-preview:large","max-video-preview":"max-video-preview:-1"},"canonical":"http:\/\/www.interamericanstudies.net\/?p=4595","og_locale":"en_US","og_type":"article","og_title":"Seminario Permanente Sobre Migraci\u00f3n Internacional Video Sesi\u00f3n 9a. del Ciclo 2013 - Inter-American Studies","og_description":"Ya se encuentra en el portal del Sepmig el video de la novena sesi\u00f3n: &#8220;El proceso de la reforma migratoria en Estados Unidos y sus implicaciones para M\u00e9xico y para ...","og_url":"http:\/\/www.interamericanstudies.net\/?p=4595","og_site_name":"Inter-American Studies","article_publisher":"https:\/\/www.facebook.com\/interamericanstudies2009","article_published_time":"2013-11-14T11:43:03+00:00","author":"Gon\u00e7alo Cholant","twitter_card":"summary_large_image","twitter_misc":{"Written by":"Gon\u00e7alo Cholant"},"schema":{"@context":"https:\/\/schema.org","@graph":[{"@type":"Article","@id":"http:\/\/www.interamericanstudies.net\/?p=4595#article","isPartOf":{"@id":"http:\/\/www.interamericanstudies.net\/?p=4595"},"author":{"name":"Gon\u00e7alo Cholant","@id":"https:\/\/www.interamericanstudies.net\/#\/schema\/person\/c4e3328610475af8574539e0d4be370a"},"headline":"Seminario Permanente Sobre Migraci\u00f3n Internacional Video Sesi\u00f3n 9a. del Ciclo 2013","datePublished":"2013-11-14T11:43:03+00:00","mainEntityOfPage":{"@id":"http:\/\/www.interamericanstudies.net\/?p=4595"},"wordCount":65,"publisher":{"@id":"https:\/\/www.interamericanstudies.net\/#organization"},"articleSection":["news"],"inLanguage":"en-US"},{"@type":"WebPage","@id":"http:\/\/www.interamericanstudies.net\/?p=4595","url":"http:\/\/www.interamericanstudies.net\/?p=4595","name":"Seminario Permanente Sobre Migraci\u00f3n Internacional Video Sesi\u00f3n 9a. del Ciclo 2013 - Inter-American Studies","isPartOf":{"@id":"https:\/\/www.interamericanstudies.net\/#website"},"datePublished":"2013-11-14T11:43:03+00:00","breadcrumb":{"@id":"http:\/\/www.interamericanstudies.net\/?p=4595#breadcrumb"},"inLanguage":"en-US","potentialAction":[{"@type":"ReadAction","target":["http:\/\/www.interamericanstudies.net\/?p=4595"]}]},{"@type":"BreadcrumbList","@id":"http:\/\/www.interamericanstudies.net\/?p=4595#breadcrumb","itemListElement":[{"@type":"ListItem","position":1,"name":"Home","item":"https:\/\/www.interamericanstudies.net\/"},{"@type":"ListItem","position":2,"name":"Seminario Permanente Sobre Migraci\u00f3n Internacional Video Sesi\u00f3n 9a. del Ciclo 2013"}]},{"@type":"WebSite","@id":"https:\/\/www.interamericanstudies.net\/#website","url":"https:\/\/www.interamericanstudies.net\/","name":"Inter-American Studies","description":"International Association of Inter-American Studies","publisher":{"@id":"https:\/\/www.interamericanstudies.net\/#organization"},"potentialAction":[{"@type":"SearchAction","target":{"@type":"EntryPoint","urlTemplate":"https:\/\/www.interamericanstudies.net\/?s={search_term_string}"},"query-input":{"@type":"PropertyValueSpecification","valueRequired":true,"valueName":"search_term_string"}}],"inLanguage":"en-US"},{"@type":"Organization","@id":"https:\/\/www.interamericanstudies.net\/#organization","name":"Inter-American Studies","url":"https:\/\/www.interamericanstudies.net\/","logo":{"@type":"ImageObject","inLanguage":"en-US","@id":"https:\/\/www.interamericanstudies.net\/#\/schema\/logo\/image\/","url":"http:\/\/www.interamericanstudies.net\/wp-content\/uploads\/2024\/09\/ias_logo_ohne_kleiner.png","contentUrl":"http:\/\/www.interamericanstudies.net\/wp-content\/uploads\/2024\/09\/ias_logo_ohne_kleiner.png","width":850,"height":155,"caption":"Inter-American Studies"},"image":{"@id":"https:\/\/www.interamericanstudies.net\/#\/schema\/logo\/image\/"},"sameAs":["https:\/\/www.facebook.com\/interamericanstudies2009"]},{"@type":"Person","@id":"https:\/\/www.interamericanstudies.net\/#\/schema\/person\/c4e3328610475af8574539e0d4be370a","name":"Gon\u00e7alo Cholant","image":{"@type":"ImageObject","inLanguage":"en-US","@id":"https:\/\/www.interamericanstudies.net\/#\/schema\/person\/image\/","url":"https:\/\/secure.gravatar.com\/avatar\/011dfc139c98c8bcee689ce036ec4846?s=96&d=mm&r=g","contentUrl":"https:\/\/secure.gravatar.com\/avatar\/011dfc139c98c8bcee689ce036ec4846?s=96&d=mm&r=g","caption":"Gon\u00e7alo Cholant"},"url":"http:\/\/www.interamericanstudies.net\/?author=1"}]}},"_links":{"self":[{"href":"http:\/\/www.interamericanstudies.net\/index.php?rest_route=\/wp\/v2\/posts\/4595","targetHints":{"allow":["GET"]}}],"collection":[{"href":"http:\/\/www.interamericanstudies.net\/index.php?rest_route=\/wp\/v2\/posts"}],"about":[{"href":"http:\/\/www.interamericanstudies.net\/index.php?rest_route=\/wp\/v2\/types\/post"}],"author":[{"embeddable":true,"href":"http:\/\/www.interamericanstudies.net\/index.php?rest_route=\/wp\/v2\/users\/1"}],"replies":[{"embeddable":true,"href":"http:\/\/www.interamericanstudies.net\/index.php?rest_route=%2Fwp%2Fv2%2Fcomments&post=4595"}],"version-history":[{"count":3,"href":"http:\/\/www.interamericanstudies.net\/index.php?rest_route=\/wp\/v2\/posts\/4595\/revisions"}],"predecessor-version":[{"id":4598,"href":"http:\/\/www.interamericanstudies.net\/index.php?rest_route=\/wp\/v2\/posts\/4595\/revisions\/4598"}],"wp:attachment":[{"href":"http:\/\/www.interamericanstudies.net\/index.php?rest_route=%2Fwp%2Fv2%2Fmedia&parent=4595"}],"wp:term":[{"taxonomy":"category","embeddable":true,"href":"http:\/\/www.interamericanstudies.net\/index.php?rest_route=%2Fwp%2Fv2%2Fcategories&post=4595"},{"taxonomy":"post_tag","embeddable":true,"href":"http:\/\/www.interamericanstudies.net\/index.php?rest_route=%2Fwp%2Fv2%2Ftags&post=4595"}],"curies":[{"name":"wp","href":"https:\/\/api.w.org\/{rel}","templated":true}]}}